{"id":1951,"date":"2009-09-14T02:04:47","date_gmt":"2009-09-14T04:04:47","guid":{"rendered":"http:\/\/www.advanceconsultoria.com\/?p=1951"},"modified":"2009-09-14T02:43:41","modified_gmt":"2009-09-14T04:43:41","slug":"o-aquecimento-do-artico-e-mais-rapido-do-que-se-imaginava","status":"publish","type":"post","link":"http:\/\/www.advanceconsultoria.com\/?p=1951","title":{"rendered":"O aquecimento do \u00c1rtico \u00e9 mais r\u00e1pido do que se imaginava"},"content":{"rendered":"<p><!--more--><span style=\"color: #ffffff;\">.<\/span><\/p>\n<p style=\"text-align: center;\"><a href=\"http:\/\/www.advanceconsultoria.com\/wp-content\/globalsealevel.jpg\"><img loading=\"lazy\" decoding=\"async\" class=\"aligncenter size-full wp-image-1952\" title=\"globalsealevel\" src=\"http:\/\/www.advanceconsultoria.com\/wp-content\/globalsealevel.jpg\" alt=\"\" width=\"400\" height=\"293\" \/><\/a><\/p>\n<p><span style=\"color: #ffffff;\">.<\/span><\/p>\n<p style=\"text-align: justify;\">O aquecimento do \u00c1rtico \u00e9 mais r\u00e1pido do que se imaginava e trar\u00e1 graves consequ\u00eancias globais, como a eleva\u00e7\u00e3o do n\u00edvel do mar em um metro at\u00e9 2100 e a expectativa de que inunda\u00e7\u00f5es afetar\u00e3o um quarto da popula\u00e7\u00e3o mundial.<br \/>\n<span style=\"color: #ffffff;\">.<\/span><\/p>\n<p style=\"text-align: justify;\">Estas s\u00e3o algumas das conclus\u00f5es de um relat\u00f3rio cient\u00edfico apresentado no dia 2 de Setembro pelo Fundo Mundial para a Natureza (WWF, na sigla em ingl\u00eas), no qual, pela primeira vez, foram incorporadas as recentes observa\u00e7\u00f5es sobre o clima do \u00c1rtico e seus impactos.<br \/>\n<span style=\"color: #ffffff;\">.<\/span><\/p>\n<p style=\"text-align: justify;\">&#8220;O \u00c1rtico, um componente cr\u00edtico de nosso sistema clim\u00e1tico global, aqueceu o dobro que o resto do mundo nas \u00faltimas d\u00e9cadas. E a medida que o \u00c1rtico aquece, produz efeitos que amplificam ou aceleram a mudan\u00e7a clim\u00e1tica&#8221;, explicou Martin Sommerkorn, assessor para a mudan\u00e7a clim\u00e1tica do WWF, ao apresentar o relat\u00f3rio durante a terceira Confer\u00eancia Mundial do Clima.<br \/>\n<span style=\"color: #ffffff;\">.<\/span><\/p>\n<p style=\"text-align: justify;\">A maior parte dos resultados negativos do aquecimento do \u00c1rtico n\u00e3o aparecia em estudos anteriores, simplesmente, porque a ci\u00eancia n\u00e3o estava t\u00e3o avan\u00e7ada.<br \/>\n<span style=\"color: #ffffff;\">.<\/span><\/p>\n<p style=\"text-align: justify;\">Al\u00e9m disso, as camadas geladas do \u00c1rtico armazenam duas vezes mais carbono do que o existente na atmosfera.<br \/>\n<span style=\"color: #ffffff;\">.<\/span><\/p>\n<p style=\"text-align: justify;\">&#8220;O r\u00e1pido aquecimento do \u00c1rtico pode levar ao desaparecimento de 90% da camada pr\u00f3xima \u00e0 superf\u00edcie do permafrost (solo formado por terra, rochas e gelo que permanece congelado em toda a faixa do \u00c1rtico) no final deste s\u00e9culo, e isto, tem o potencial de liberar \u00e0 atmosfera grandes quantidades de carbono em forma de di\u00f3xido de carbono e metano&#8221;, afirmou Sommerkorn.<br \/>\n<span style=\"color: #ffffff;\">.<\/span><\/p>\n<p style=\"text-align: justify;\">O estudo constata que nos \u00faltimos dois anos aumentaram os n\u00edveis de metano, um g\u00e1s de potente efeito estufa na atmosfera, ao que se atribui ao aquecimento da tundra \u00e1rtica &#8211; vegeta\u00e7\u00e3o rasteira das regi\u00f5es polares que se desenvolvem no ver\u00e3o com o derretimento do gelo.<br \/>\n<span style=\"color: #ffffff;\">.<\/span><\/p>\n<p style=\"text-align: justify;\">Por isso, o WWF considera que a redu\u00e7\u00e3o em 25% das emiss\u00f5es mundiais de CO2 neste s\u00e9culo &#8211; o objetivo que colocava o Painel Intergovernamental de Mudan\u00e7as Clim\u00e1ticas (IPCC, na sigla em ingl\u00eas) para frear a mudan\u00e7a clim\u00e1tica &#8211; \u00e9 insuficiente, j\u00e1 que esse estudo desconsiderava as condi\u00e7\u00f5es \u00e1rticas.<br \/>\n<span style=\"color: #ffffff;\">.<br \/>\n<\/span><span style=\"color: #ffffff;\">.<\/span><\/p>\n<p><span style=\"color: #800000;\"><span style=\"color: #000000;\">A <\/span><span style=\"color: #cc0000;\"><strong>AdvanceConsultoria<\/strong><\/span><span style=\"color: #808080;\"><strong>.com<\/strong> <\/span><span style=\"color: #000000;\">oferece treinamentos e consultorias que poder\u00e3o ajudar a sua empresa\u00a0a dar a sua parcela de contribui\u00e7\u00e3o, para as gera\u00e7\u00f5es futuras, reduzindo as suas emiss\u00f5es de CO2. Clique <\/span><\/span><span><a href=\"http:\/\/www.advanceconsultoria.com\/?page_id=7\" target=\"_blank\"><span style=\"color: #cc0000;\"><strong>aqui<\/strong><\/span><\/a><\/span><span style=\"color: #800000;\"><span style=\"color: #000000;\"> <\/span><span style=\"color: #000000;\">para falar com os nossos consultores.<\/span><\/span><\/p>\n<p><strong><span style=\"color: #ffffff;\">.<\/span><\/strong><\/p>\n<p><strong><span style=\"color: #ffffff;\">.<\/span><\/strong><\/p>\n","protected":false},"excerpt":{"rendered":"","protected":false},"author":3,"featured_media":0,"comment_status":"open","ping_status":"open","sticky":false,"template":"","format":"standard","meta":{"footnotes":""},"categories":[34],"tags":[45,102,4],"class_list":["post-1951","post","type-post","status-publish","format-standard","hentry","category-artigos","tag-iso-14001","tag-logistica","tag-meio-ambiente"],"_links":{"self":[{"href":"http:\/\/www.advanceconsultoria.com\/index.php?rest_route=\/wp\/v2\/posts\/1951","targetHints":{"allow":["GET"]}}],"collection":[{"href":"http:\/\/www.advanceconsultoria.com\/index.php?rest_route=\/wp\/v2\/posts"}],"about":[{"href":"http:\/\/www.advanceconsultoria.com\/index.php?rest_route=\/wp\/v2\/types\/post"}],"author":[{"embeddable":true,"href":"http:\/\/www.advanceconsultoria.com\/index.php?rest_route=\/wp\/v2\/users\/3"}],"replies":[{"embeddable":true,"href":"http:\/\/www.advanceconsultoria.com\/index.php?rest_route=%2Fwp%2Fv2%2Fcomments&post=1951"}],"version-history":[{"count":0,"href":"http:\/\/www.advanceconsultoria.com\/index.php?rest_route=\/wp\/v2\/posts\/1951\/revisions"}],"wp:attachment":[{"href":"http:\/\/www.advanceconsultoria.com\/index.php?rest_route=%2Fwp%2Fv2%2Fmedia&parent=1951"}],"wp:term":[{"taxonomy":"category","embeddable":true,"href":"http:\/\/www.advanceconsultoria.com\/index.php?rest_route=%2Fwp%2Fv2%2Fcategories&post=1951"},{"taxonomy":"post_tag","embeddable":true,"href":"http:\/\/www.advanceconsultoria.com\/index.php?rest_route=%2Fwp%2Fv2%2Ftags&post=1951"}],"curies":[{"name":"wp","href":"https:\/\/api.w.org\/{rel}","templated":true}]}}